{"id":2014,"date":"2019-09-24T08:50:20","date_gmt":"2019-09-24T06:50:20","guid":{"rendered":"http:\/\/www.salutlesco-pains.org\/newsite\/?p=2014"},"modified":"2019-09-24T08:50:27","modified_gmt":"2019-09-24T06:50:27","slug":"videos-de-lecole-internationale-de-boulangerie","status":"publish","type":"post","link":"http:\/\/www.salutlesco-pains.org\/newsite\/videos-de-lecole-internationale-de-boulangerie\/","title":{"rendered":"Vid\u00e9os de l&rsquo;\u00c9cole Internationale de Boulangerie"},"content":{"rendered":"\n<p>L&rsquo;\u00c9cole Internationale de Boulangerie est une \u00e9cole sp\u00e9cialis\u00e9e dans le travail au levain. Cr\u00e9\u00e9e par Thomas Teffri-Chambelland en 2005 et elle est install\u00e9e dans les Alpes-de-Haute-Provence.<br>Nombre de leurs \u00e9l\u00e8ves sont des personnes en reconversion comme les boulangers du <a href=\"http:\/\/fournil-ephemere.fr\/\">Fournil \u00c9ph\u00e9m\u00e8re<\/a> (On l&rsquo;apprend ici <a href=\"https:\/\/painrisien.com\/le-fournil-ephemere-montreuil-93-passe-de-la-marbrerie-a-latelier\/\">Le Fournil Eph\u00e9m\u00e8re passe de la Marbrerie \u00e0 l&rsquo;Atelier | painrisien<\/a>)<\/p>\n\n\n\n<div class=\"wp-block-image\"><figure class=\"aligncenter\"><img data-recalc-dims=\"1\" loading=\"lazy\" decoding=\"async\" width=\"576\" height=\"152\" data-attachment-id=\"2109\" data-permalink=\"http:\/\/www.salutlesco-pains.org\/newsite\/videos-de-lecole-internationale-de-boulangerie\/eidb-000\/\" data-orig-file=\"https:\/\/i0.wp.com\/www.salutlesco-pains.org\/newsite\/wp-content\/uploads\/2019\/08\/eidb-000.jpg?fit=576%2C152\" data-orig-size=\"576,152\" data-comments-opened=\"1\" data-image-meta=\"{&quot;aperture&quot;:&quot;0&quot;,&quot;credit&quot;:&quot;&quot;,&quot;camera&quot;:&quot;&quot;,&quot;caption&quot;:&quot;&quot;,&quot;created_timestamp&quot;:&quot;0&quot;,&quot;copyright&quot;:&quot;&quot;,&quot;focal_length&quot;:&quot;0&quot;,&quot;iso&quot;:&quot;0&quot;,&quot;shutter_speed&quot;:&quot;0&quot;,&quot;title&quot;:&quot;&quot;,&quot;orientation&quot;:&quot;0&quot;}\" data-image-title=\"eidb-000\" data-image-description=\"\" data-image-caption=\"\" data-large-file=\"https:\/\/i0.wp.com\/www.salutlesco-pains.org\/newsite\/wp-content\/uploads\/2019\/08\/eidb-000.jpg?fit=576%2C152\" src=\"https:\/\/i0.wp.com\/www.salutlesco-pains.org\/newsite\/wp-content\/uploads\/2019\/08\/eidb-000.jpg?resize=576%2C152\" alt=\"\" class=\"wp-image-2109\" srcset=\"https:\/\/i0.wp.com\/www.salutlesco-pains.org\/newsite\/wp-content\/uploads\/2019\/08\/eidb-000.jpg?w=576 576w, https:\/\/i0.wp.com\/www.salutlesco-pains.org\/newsite\/wp-content\/uploads\/2019\/08\/eidb-000.jpg?resize=300%2C79 300w, https:\/\/i0.wp.com\/www.salutlesco-pains.org\/newsite\/wp-content\/uploads\/2019\/08\/eidb-000.jpg?resize=500%2C132 500w\" sizes=\"auto, (max-width: 576px) 100vw, 576px\" \/><figcaption>Logo de l&rsquo;eidb<\/figcaption><\/figure><\/div>\n\n\n\n<p>Dans un esprit de partage, elle propose un ensemble de vid\u00e9os montrant des techniques et des recettes.<\/p>\n\n\n\n<p style=\"text-align:center\"><br><a href=\"https:\/\/ecoleinternationaledeboulangerie.fr\/tutos.php\">\u00c9cole internationale de boulangerie &#8211; Tutoriels<\/a><\/p>\n\n\n\n<p><br>Simple curieux, boulanger amateur dans votre cuisine ou m\u00eame plus chevronn\u00e9, il y aura forc\u00e9ment une vid\u00e9o qui vous int\u00e9ressera.<\/p>\n\n\n\n<p>Notamment les bases de la manipulation de la p\u00e2te \u00e0 pain dont :<\/p>\n\n\n\n<ul class=\"wp-block-list\"><li><a href=\"https:\/\/youtu.be\/FkvjdqkZWqg\">Le p\u00e9trissage manuel<\/a><\/li><li><a href=\"https:\/\/youtu.be\/-0NcZOR8S3M\">Donner un tour<\/a><\/li><li><a href=\"https:\/\/youtu.be\/95r2XSYzahA\">Le fa\u00e7onnage<\/a><\/li><\/ul>\n\n\n\n<p><\/p>\n","protected":false},"excerpt":{"rendered":"<p>L&rsquo;\u00c9cole Internationale de Boulangerie est une \u00e9cole sp\u00e9cialis\u00e9e dans le travail au levain. Cr\u00e9\u00e9e par Thomas Teffri-Chambelland en 2005 et elle est install\u00e9e dans les Alpes-de-Haute-Provence.Nombre de leurs \u00e9l\u00e8ves sont des personnes en reconversion comme les boulangers du Fournil \u00c9ph\u00e9m\u00e8re &hellip; <a href=\"http:\/\/www.salutlesco-pains.org\/newsite\/videos-de-lecole-internationale-de-boulangerie\/\">Continuer la lecture <span class=\"meta-nav\">&rarr;<\/span><\/a><\/p>\n","protected":false},"author":9,"featured_media":0,"comment_status":"open","ping_status":"open","sticky":false,"template":"","format":"standard","meta":{"ngg_post_thumbnail":0,"_price":"","_stock":"","_tribe_ticket_header":"","_tribe_default_ticket_provider":"","_tribe_ticket_capacity":"0","_ticket_start_date":"","_ticket_end_date":"","_tribe_ticket_show_description":"","_tribe_ticket_show_not_going":false,"_tribe_ticket_use_global_stock":"","_tribe_ticket_global_stock_level":"","_global_stock_mode":"","_global_stock_cap":"","_tribe_rsvp_for_event":"","_tribe_ticket_going_count":"","_tribe_ticket_not_going_count":"","_tribe_tickets_list":"[]","_tribe_ticket_has_attendee_info_fields":false,"jetpack_post_was_ever_published":false,"_jetpack_newsletter_access":"","_jetpack_dont_email_post_to_subs":false,"_jetpack_newsletter_tier_id":0,"_jetpack_memberships_contains_paywalled_content":false,"_jetpack_memberships_contains_paid_content":false,"footnotes":"","jetpack_publicize_message":"","jetpack_publicize_feature_enabled":true,"jetpack_social_post_already_shared":true,"jetpack_social_options":{"image_generator_settings":{"template":"highway","default_image_id":0,"font":"","enabled":false},"version":2}},"categories":[25],"tags":[],"class_list":["post-2014","post","type-post","status-publish","format-standard","hentry","category-apprendre"],"jetpack_publicize_connections":[],"jetpack_featured_media_url":"","jetpack_sharing_enabled":true,"jetpack_shortlink":"https:\/\/wp.me\/p58z56-wu","jetpack_likes_enabled":true,"_links":{"self":[{"href":"http:\/\/www.salutlesco-pains.org\/newsite\/wp-json\/wp\/v2\/posts\/2014","targetHints":{"allow":["GET"]}}],"collection":[{"href":"http:\/\/www.salutlesco-pains.org\/newsite\/wp-json\/wp\/v2\/posts"}],"about":[{"href":"http:\/\/www.salutlesco-pains.org\/newsite\/wp-json\/wp\/v2\/types\/post"}],"author":[{"embeddable":true,"href":"http:\/\/www.salutlesco-pains.org\/newsite\/wp-json\/wp\/v2\/users\/9"}],"replies":[{"embeddable":true,"href":"http:\/\/www.salutlesco-pains.org\/newsite\/wp-json\/wp\/v2\/comments?post=2014"}],"version-history":[{"count":4,"href":"http:\/\/www.salutlesco-pains.org\/newsite\/wp-json\/wp\/v2\/posts\/2014\/revisions"}],"predecessor-version":[{"id":2131,"href":"http:\/\/www.salutlesco-pains.org\/newsite\/wp-json\/wp\/v2\/posts\/2014\/revisions\/2131"}],"wp:attachment":[{"href":"http:\/\/www.salutlesco-pains.org\/newsite\/wp-json\/wp\/v2\/media?parent=2014"}],"wp:term":[{"taxonomy":"category","embeddable":true,"href":"http:\/\/www.salutlesco-pains.org\/newsite\/wp-json\/wp\/v2\/categories?post=2014"},{"taxonomy":"post_tag","embeddable":true,"href":"http:\/\/www.salutlesco-pains.org\/newsite\/wp-json\/wp\/v2\/tags?post=2014"}],"curies":[{"name":"wp","href":"https:\/\/api.w.org\/{rel}","templated":true}]}}