{"id":716,"date":"2015-09-16T23:36:19","date_gmt":"2015-09-16T21:36:19","guid":{"rendered":"http:\/\/www.salutlesco-pains.org\/newsite\/?p=716"},"modified":"2016-02-20T12:41:12","modified_gmt":"2016-02-20T11:41:12","slug":"notre-journee-au-four-a-pain-le-4-juin-2015","status":"publish","type":"post","link":"https:\/\/www.salutlesco-pains.org\/newsite\/notre-journee-au-four-a-pain-le-4-juin-2015\/","title":{"rendered":"Article de l&rsquo;\u00e9cole Nanteuil, le 4 juin 2015"},"content":{"rendered":"<h1>Notre journ\u00e9e au four \u00e0 pain le 4 juin 2015<!--more--><\/h1>\n<blockquote>\n<div id=\"yiv5380296337yui_3_16_0_1_1442378433823_3322\" class=\"\" dir=\"LTR\">\n<div id=\"yui_3_16_0_1_1442405600576_4629\" class=\"\">\u00a0En cette belle matin\u00e9e du 4 juin, voil\u00e0 une vingtaine d\u2019\u00e9l\u00e8ves de CP, quelques parents et un enseignant qui quittent l\u2019\u00e9cole Nanteuil pour la maison de quartier G\u00e9rard Rin\u00e7on, \u00e0 une demi-heure de marche. Loin\u00a0? Pas vraiment. Ils sont motiv\u00e9s et connaissent le trajet (il semble que D\u2019Estienne d\u2019Orves soit familier des enfants de Nanteuil). En chemin, l\u2019enseignant en profite m\u00eame pour leur faire faire une halte devant le \u00ab\u00a0Mur \u00e0 r\u00eaves\u00a0\u00bb, \u00e9l\u00e9ment du patrimoine urbain de la ville. Les enfants laissent libre cours \u00e0 leur imagination.<\/div>\n<div id=\"yui_3_16_0_1_1442405600576_4636\" class=\"\"><\/div>\n<\/div>\n<div id=\"yiv5380296337yui_3_16_0_1_1442378433823_3320\" class=\"\" dir=\"LTR\">\n<div id=\"yui_3_16_0_1_1442405600576_4637\" class=\"\">A notre<a href=\"https:\/\/i0.wp.com\/www.salutlesco-pains.org\/newsite\/wp-content\/uploads\/2015\/09\/pain1-001.jpeg\"><img data-recalc-dims=\"1\" loading=\"lazy\" decoding=\"async\" data-attachment-id=\"737\" data-permalink=\"https:\/\/www.salutlesco-pains.org\/newsite\/notre-journee-au-four-a-pain-le-4-juin-2015\/pain1-001\/\" data-orig-file=\"https:\/\/i0.wp.com\/www.salutlesco-pains.org\/newsite\/wp-content\/uploads\/2015\/09\/pain1-001.jpeg?fit=139%2C320&amp;ssl=1\" data-orig-size=\"139,320\" data-comments-opened=\"1\" data-image-meta=\"{&quot;aperture&quot;:&quot;0&quot;,&quot;credit&quot;:&quot;&quot;,&quot;camera&quot;:&quot;&quot;,&quot;caption&quot;:&quot;&quot;,&quot;created_timestamp&quot;:&quot;0&quot;,&quot;copyright&quot;:&quot;&quot;,&quot;focal_length&quot;:&quot;0&quot;,&quot;iso&quot;:&quot;0&quot;,&quot;shutter_speed&quot;:&quot;0&quot;,&quot;title&quot;:&quot;&quot;,&quot;orientation&quot;:&quot;0&quot;}\" data-image-title=\"pain1 001\" data-image-description=\"\" data-image-caption=\"\" data-large-file=\"https:\/\/i0.wp.com\/www.salutlesco-pains.org\/newsite\/wp-content\/uploads\/2015\/09\/pain1-001.jpeg?fit=139%2C320&amp;ssl=1\" class=\"size-medium wp-image-737 alignleft\" src=\"https:\/\/i0.wp.com\/www.salutlesco-pains.org\/newsite\/wp-content\/uploads\/2015\/09\/pain1-001.jpeg?resize=130%2C300\" alt=\"pain1 001\" width=\"130\" height=\"300\" srcset=\"https:\/\/i0.wp.com\/www.salutlesco-pains.org\/newsite\/wp-content\/uploads\/2015\/09\/pain1-001.jpeg?resize=130%2C300&amp;ssl=1 130w, https:\/\/i0.wp.com\/www.salutlesco-pains.org\/newsite\/wp-content\/uploads\/2015\/09\/pain1-001.jpeg?w=139&amp;ssl=1 139w\" sizes=\"auto, (max-width: 130px) 100vw, 130px\" \/><\/a> arriv\u00e9e, Didier nous accueille au pied de la maison attenante au parc, \u00e0 c\u00f4t\u00e9 du beau four \u00e0 pain d\u00e9j\u00e0 en chauffe. Quel beau lieu pour passer une telle journ\u00e9e\u00a0!<\/div>\n<div id=\"yui_3_16_0_1_1442405600576_4643\" class=\"\">Premi\u00e8re \u00e9tape, indispensable pour faire du pain (et plein d\u2019autres choses)\u00a0: se laver les mains.<\/div>\n<div id=\"yui_3_16_0_1_1442405600576_4638\" class=\"\">Les enfants entrent ensuite dans la maison et s\u2019attablent devant les ingr\u00e9dients qui vont servir \u00e0 faire la p\u00e2te \u00e0 pain. Bien pr\u00e9par\u00e9s, ils reconnaissent la farine, l\u2019eau mais aussi le sel et la levure de boulanger. Arrive l\u2019\u00e9tape singuli\u00e8re du p\u00e9trissage de la p\u00e2te \u00e0 la main. Tout se passe bien. Chacun laisse ensuite sa boule de p\u00e2te reposer dans le petit panier, Didier expliquant le fonctionnement de la levure.<\/div>\n<div id=\"yui_3_16_0_1_1442405600576_4645\" class=\"\">Une pause est bien m\u00e9rit\u00e9e dans le parc, agr\u00e9ment\u00e9e d\u2019un beau demi sabl\u00e9 cuit par Didier et ses amis quelques jours avant dans le four. D\u00e9licieux\u00a0! Dans le parc, seuls les \u00e9l\u00e8ves jouent\u00a0! Les parents, eux, \u00ab\u00a0travaillent\u00a0\u00bb\u00a0: ils pr\u00e9parent les pizzas avec de la p\u00e2te auparavant pr\u00e9par\u00e9e par Didier et avec les ingr\u00e9dients que les enfants ont apport\u00e9s.<\/div>\n<div id=\"yui_3_16_0_1_1442405600576_4642\" class=\"\">On attable les enfants\u00a0; les pizzas arrivent quasiment sans discontinuer. Quel d\u00e9lice\u00a0! Quel r\u00e9gal\u00a0! R\u00e9alisez bien\u00a0: une <i id=\"yui_3_16_0_1_1442405600576_4717\" class=\"\">vraie<\/i> pizza cuite avec de la <i class=\"\">vraie<\/i> p\u00e2te, dans un vrai four \u00e0 pain, pr\u00e9par\u00e9e par Didier, Papa et Maman et avec les ingr\u00e9dients qu\u2019on a choisis au magasin\u00a0! (De nos jours, faire sa propre nourriture est inhabituel, surtout pour un produit industriel et courant comme la pizza\u00a0; nous sommes heureux que les enfants aient pu toucher \u00e7a du doigt et qu\u2019ils garderont longtemps en t\u00eate leurs sensations, surtout quand ils mangeront leur prochaine pizza).<a href=\"https:\/\/i0.wp.com\/www.salutlesco-pains.org\/newsite\/wp-content\/uploads\/2015\/09\/pain2-001.jpeg\"><img data-recalc-dims=\"1\" loading=\"lazy\" decoding=\"async\" data-attachment-id=\"735\" data-permalink=\"https:\/\/www.salutlesco-pains.org\/newsite\/notre-journee-au-four-a-pain-le-4-juin-2015\/pain2-001\/\" data-orig-file=\"https:\/\/i0.wp.com\/www.salutlesco-pains.org\/newsite\/wp-content\/uploads\/2015\/09\/pain2-001.jpeg?fit=175%2C320&amp;ssl=1\" data-orig-size=\"175,320\" data-comments-opened=\"1\" data-image-meta=\"{&quot;aperture&quot;:&quot;0&quot;,&quot;credit&quot;:&quot;&quot;,&quot;camera&quot;:&quot;&quot;,&quot;caption&quot;:&quot;&quot;,&quot;created_timestamp&quot;:&quot;0&quot;,&quot;copyright&quot;:&quot;&quot;,&quot;focal_length&quot;:&quot;0&quot;,&quot;iso&quot;:&quot;0&quot;,&quot;shutter_speed&quot;:&quot;0&quot;,&quot;title&quot;:&quot;&quot;,&quot;orientation&quot;:&quot;0&quot;}\" data-image-title=\"pain2 001\" data-image-description=\"\" data-image-caption=\"\" data-large-file=\"https:\/\/i0.wp.com\/www.salutlesco-pains.org\/newsite\/wp-content\/uploads\/2015\/09\/pain2-001.jpeg?fit=175%2C320&amp;ssl=1\" class=\"wp-image-735 alignright\" src=\"https:\/\/i0.wp.com\/www.salutlesco-pains.org\/newsite\/wp-content\/uploads\/2015\/09\/pain2-001.jpeg?resize=128%2C226\" alt=\"pain2 001\" width=\"128\" height=\"226\" \/><\/a><\/div>\n<div id=\"yui_3_16_0_1_1442405600576_4641\" class=\"\">On voit que les enfants adorent (cf la sauce tomate tout autour des bouches) et en redemandent. Les pizzas affluent. Les enfants sont repus.<\/div>\n<div id=\"yui_3_16_0_1_1442405600576_4640\" class=\"\">Avec tout \u00e7a, il faut dig\u00e9rer&#8230; Et surtout attendre que le four refroidisse\u00a0: la temp\u00e9rature pour la cuisson du pain est inf\u00e9rieure \u00e0 celle requise pour la cuisson du pain.<\/div>\n<div class=\"\">Retour au parc, au bac \u00e0 sable, \u00e0 la cage \u00e0 poules, sous un beau soleil.<\/div>\n<div id=\"yui_3_16_0_1_1442405600576_4639\" class=\"\">Un peu plus tard, l\u2019enseignant lit aux enfants \u00ab\u00a0La grosse faim de p\u2019tit bonhomme\u00a0\u00bb (Pierre Delye, C\u00e9cile Hudrisier, \u00e9dit\u00e9 par Didier Jeunesse), un petit gar\u00e7on qui a faim et qui va demander du pain au boulanger. Celui-ci a besoin de farine pour faire du pain. P\u2019tit bonhomme va donc demander de la farine au meunier. Celui-ci lui demande du bl\u00e9 pour faire de la farine. P\u2019tit bonhomme va demander du bl\u00e9 au champ&#8230; Nous vous laissons d\u00e9couvrir la suite.<\/div>\n<div id=\"yui_3_16_0_1_1442405600576_4644\" class=\"\">Didier arrive alors avec des \u00e9pis de bl\u00e9 et deux petits moulins \u00e0 main. Les enfants moulent du bl\u00e9 (s\u00fbrement pour la premi\u00e8re fois de leur vie) et voient la transformation en farine.<\/div>\n<div class=\"\"><\/div>\n<div id=\"yui_3_16_0_1_1442405600576_4742\" class=\"\">Apr\u00e8s v\u00e9rification, Didier rappelle tout le monde\u00a0: les petits pains sont cuits. Qu\u2019ils sont beaux et app\u00e9tissants\u00a0! Comme la p\u00e2te a lev\u00e9, c\u2019est une belle boule de pain que chaque enfant re\u00e7oit.<\/div>\n<div id=\"yui_3_16_0_1_1442405600576_4743\" class=\"\">Il est temps de filer afin d\u2019arriver juste \u00e0 l\u2019heure pour la sortie de l\u2019\u00e9cole. M\u00eame pas en retard\u00a0!<\/div>\n<div id=\"yui_3_16_0_1_1442405600576_4744\" class=\"\"><\/div>\n<div id=\"yui_3_16_0_1_1442405600576_4745\" class=\"\">Nous remercions Pascale qui nous a fait d\u00e9couvrir l\u2019association et Didier qui nous a guid\u00e9 tout au long de cette journ\u00e9e avec p\u00e9dagogie, passion et patience\u00a0; merci \u00e9galement aux parents qui nous ont accompagn\u00e9s, qui ont encadr\u00e9 les \u00e9l\u00e8ves notamment lors du p\u00e9trissage de la p\u00e2te, qui ont pr\u00e9par\u00e9 les pizzas (sous le soleil et pr\u00e8s du four).<\/div>\n<div class=\"\">Merci pour ces d\u00e9couvertes, ce partage. Ce fut une journ\u00e9e magnifique.<\/div>\n<div class=\"\">\u00c0 bient\u00f4t<\/div>\n<div class=\"\"><\/div>\n<\/div>\n<div class=\"\">Christophe D. enseignant \u00e0 l\u2019\u00e9cole Nanteuil Montreuil<\/div>\n<div dir=\"ltr\"><\/div>\n<\/blockquote>\n","protected":false},"excerpt":{"rendered":"<p>Notre journ\u00e9e au four \u00e0 pain le 4 juin 2015<\/p>\n","protected":false},"author":2,"featured_media":0,"comment_status":"open","ping_status":"open","sticky":false,"template":"","format":"quote","meta":{"ngg_post_thumbnail":0,"_price":"","_stock":"","_tribe_ticket_header":"","_tribe_default_ticket_provider":"","_tribe_ticket_capacity":"0","_ticket_start_date":"","_ticket_end_date":"","_tribe_ticket_show_description":"","_tribe_ticket_show_not_going":false,"_tribe_ticket_use_global_stock":"","_tribe_ticket_global_stock_level":"","_global_stock_mode":"","_global_stock_cap":"","_tribe_rsvp_for_event":"","_tribe_ticket_going_count":"","_tribe_ticket_not_going_count":"","_tribe_tickets_list":"[]","_tribe_ticket_has_attendee_info_fields":false,"jetpack_post_was_ever_published":false,"_jetpack_newsletter_access":"","_jetpack_dont_email_post_to_subs":false,"_jetpack_newsletter_tier_id":0,"_jetpack_memberships_contains_paywalled_content":false,"_jetpack_memberships_contains_paid_content":false,"footnotes":"","jetpack_publicize_message":"","jetpack_publicize_feature_enabled":true,"jetpack_social_post_already_shared":true,"jetpack_social_options":{"image_generator_settings":{"template":"highway","default_image_id":0,"font":"","enabled":false},"version":2}},"categories":[23],"tags":[],"class_list":["post-716","post","type-post","status-publish","format-quote","hentry","category-scolaires","post_format-post-format-quote"],"jetpack_publicize_connections":[],"jetpack_featured_media_url":"","jetpack_sharing_enabled":true,"jetpack_shortlink":"https:\/\/wp.me\/p58z56-by","jetpack_likes_enabled":true,"_links":{"self":[{"href":"https:\/\/www.salutlesco-pains.org\/newsite\/wp-json\/wp\/v2\/posts\/716","targetHints":{"allow":["GET"]}}],"collection":[{"href":"https:\/\/www.salutlesco-pains.org\/newsite\/wp-json\/wp\/v2\/posts"}],"about":[{"href":"https:\/\/www.salutlesco-pains.org\/newsite\/wp-json\/wp\/v2\/types\/post"}],"author":[{"embeddable":true,"href":"https:\/\/www.salutlesco-pains.org\/newsite\/wp-json\/wp\/v2\/users\/2"}],"replies":[{"embeddable":true,"href":"https:\/\/www.salutlesco-pains.org\/newsite\/wp-json\/wp\/v2\/comments?post=716"}],"version-history":[{"count":12,"href":"https:\/\/www.salutlesco-pains.org\/newsite\/wp-json\/wp\/v2\/posts\/716\/revisions"}],"predecessor-version":[{"id":864,"href":"https:\/\/www.salutlesco-pains.org\/newsite\/wp-json\/wp\/v2\/posts\/716\/revisions\/864"}],"wp:attachment":[{"href":"https:\/\/www.salutlesco-pains.org\/newsite\/wp-json\/wp\/v2\/media?parent=716"}],"wp:term":[{"taxonomy":"category","embeddable":true,"href":"https:\/\/www.salutlesco-pains.org\/newsite\/wp-json\/wp\/v2\/categories?post=716"},{"taxonomy":"post_tag","embeddable":true,"href":"https:\/\/www.salutlesco-pains.org\/newsite\/wp-json\/wp\/v2\/tags?post=716"}],"curies":[{"name":"wp","href":"https:\/\/api.w.org\/{rel}","templated":true}]}}