{"id":8531,"date":"2025-10-28T13:52:53","date_gmt":"2025-10-28T12:52:53","guid":{"rendered":"http:\/\/www.salutlesco-pains.org\/newsite\/?p=8531"},"modified":"2025-10-28T13:52:53","modified_gmt":"2025-10-28T12:52:53","slug":"8531-2","status":"publish","type":"post","link":"https:\/\/www.salutlesco-pains.org\/newsite\/8531-2\/","title":{"rendered":""},"content":{"rendered":"\n<p>Bonjour \u00e0 toutes et tous,<br><br><strong>Chauffe du\u00a0<a href=\"http:\/\/www.salutlesco-pains.org\/newsite\/\">Four \u00e0 Pain\u00a0<\/a><em><a href=\"http:\/\/www.salutlesco-pains.org\/newsite\/\">\u00a0\u00ab\u00a0Salut les Co-Pains\u00a0\u00bb<\/a><\/em><\/strong><br><strong>Dimanche 23 novembre 2025<\/strong><br><br><strong><em>Ateliers des p\u00e2tes \u00e0 Pain &#8211; Chauffe &#8211; Pizza Party &#8211; Cuisson des Pains<\/em><\/strong><br><br><strong>\u00a0Four \u00e0 Pain de\u00a0Montreuil-sous-Bois\u00a0<br><br><u>R\u00e8gles de vie<\/u>:<br>&#8211; On se respecte les uns les autres<br>&#8211; On se lave les mains avant chaque atelier et avant de d\u00e9guster les pizzas<br>&#8211; On attend son tour lors de leur confection<br><\/strong><\/p>\n\n\n\n<p><strong>Programme<br>Ateliers (avec r\u00e9servation) :<\/strong><br><br><strong>10:00 \u00e0 13:00&nbsp;:&nbsp;<\/strong> Anne Soizig et\/ou Diana et\/ou Amina<br>&nbsp; &nbsp; &nbsp; &nbsp; &nbsp; &nbsp; &nbsp;&nbsp;<strong>Atelier Collectif de Confection<\/strong>&nbsp;de&nbsp;P\u00e2tons de pizza \/ Pour Petits et grands (RSVP)<br><br><strong>10:00 \u00e0 15:00 :<\/strong> Antoine et\/ou Thierry<br>&nbsp; &nbsp; &nbsp; &nbsp; &nbsp; &nbsp; &nbsp;&nbsp;<strong>Atelier Initiation \u00e0 la Chauffe&nbsp;<\/strong>du Four \u00e0 Pain et des Cuissons des Pizzas et du pain (RSVP)<br>&nbsp; &nbsp; &nbsp; &nbsp; &nbsp; &nbsp; &nbsp; &nbsp;<br><strong>12:00 \u00e0 14:00 :&nbsp;Pizza Party &#8211;&nbsp;<\/strong>Atelier&nbsp;D\u00e9gustation Publique de Pizza :<br>&nbsp; &nbsp; &nbsp; &nbsp; &nbsp; &nbsp; &nbsp;&nbsp;<strong>P<\/strong><strong>izzas Party<\/strong><em>-cipatives<\/em><strong>&nbsp;:<\/strong><br>&nbsp; &nbsp; &nbsp; &nbsp; &nbsp; &nbsp; &nbsp; &nbsp; &nbsp; &nbsp; &nbsp;Nous vous fournissons la p\u00e2te pour que vous confectionniez les Pizzas avec vos ingr\u00e9dients \u2026<br>&nbsp;&nbsp; &nbsp; &nbsp; &nbsp; &nbsp; &nbsp; &nbsp; &nbsp; &nbsp; &nbsp; &nbsp;&#8230;&nbsp;Nous les d\u00e9gustons au fur et \u00e0 mesure tous ensemble&nbsp;&nbsp; &nbsp; &nbsp; &nbsp; &nbsp; &nbsp; &nbsp; &nbsp; &nbsp; &nbsp; &nbsp; &nbsp; &nbsp; &nbsp; &nbsp; &nbsp; &nbsp; &nbsp; &nbsp; &nbsp; &nbsp; &nbsp; &nbsp; &nbsp; &nbsp; &nbsp; &nbsp; &nbsp; &nbsp; &nbsp; &nbsp; &nbsp; &nbsp; &nbsp; &nbsp; &nbsp; &nbsp; &nbsp; &nbsp; &nbsp; &nbsp; &nbsp; &nbsp; &nbsp; &nbsp; &nbsp; &nbsp; &nbsp; &nbsp; &nbsp; &nbsp; &nbsp; &nbsp; &nbsp; &nbsp; &nbsp; &nbsp; &nbsp; &nbsp; &nbsp; &nbsp; &nbsp; &nbsp; &nbsp; &nbsp; &nbsp; &nbsp; &nbsp; &nbsp; &nbsp; &nbsp; &nbsp; &nbsp; &nbsp; &nbsp; &nbsp; &nbsp; &nbsp; &nbsp; &nbsp; &nbsp; &nbsp; &nbsp; &nbsp; &nbsp; &nbsp; &nbsp; &nbsp; &nbsp; &nbsp; &nbsp; &nbsp; &nbsp; &nbsp; &nbsp; &nbsp; &nbsp; &nbsp;&nbsp;<strong><em>&nbsp;IMPORTANT :&nbsp;<\/em><\/strong><br><strong><em>&nbsp; &nbsp; &nbsp; &nbsp; &nbsp; &nbsp; &nbsp; &nbsp; &nbsp; &nbsp; &nbsp; &nbsp; &nbsp; &nbsp; &nbsp; &nbsp;Merci d\u2019apporter de quoi garnir la pizza&nbsp;et aussi, encore plus important, un coup \u00e0 boire (n&rsquo;oubliez pas les enfants)<\/em><\/strong><\/p>\n\n\n\n<p><strong>15:00 \u00e0 15:30 :\u00a0Atelier rangement :<\/strong><br>\u00a0 \u00a0 \u00a0 \u00a0 \u00a0 \u00a0 \u00a0 \u00a0 \u00a0 \u00a0 \u00a0Petit Coup de main participatif \u2013 Vaisselle et Coup de Balai \ud83d\ude09<br><br><strong>15:30 \u00e0 16:15 :<\/strong> Antoine et\/ou Thierry<br><strong>\u00a0\u00a0\u00a0\u00a0\u00a0\u00a0\u00a0\u00a0\u00a0\u00a0\u00a0\u00a0\u00a0\u00a0 Enfournement Collectif des Pains<\/strong><br><br><strong>16:15 \/ 16:45:<\/strong>\u00a0<strong>Vente du pain<\/strong> du jour\u00a0selon les quantit\u00e9s<br>\u00a0 \u00a0 \u00a0 \u00a0 \u00a0 \u00a0 \u00a0 \u00a0 \u00a0 \u00a0 \u00a0Horaires \u00e0 titre indicatif sujets \u00e0 changements <\/p>\n\n\n\n<p>A dimanche,<\/p>\n\n\n\n<p>&nbsp; &nbsp; &nbsp; &nbsp; &nbsp; &nbsp; &nbsp; &nbsp; &nbsp; &nbsp; &nbsp;Toute l\u2019\u00e9quipe de&nbsp;<strong>&nbsp;\u00bb Salut les Co-Pains \u00ab&nbsp;<\/strong><\/p>\n\n\n\n<p><strong>Square Barbara ( de la maison de quartier G\u00e9rard Rin\u00e7on )<\/strong><br>&nbsp; &nbsp; &nbsp; &nbsp; &nbsp; &nbsp; &nbsp; &nbsp; &nbsp; &nbsp; &nbsp;30 rue Ernest Savart 93100 Montreuil<\/p>\n\n\n\n<p><em><strong>>>>\u00a0Petit appel aux volontaires b\u00e9n\u00e9voles et adh\u00e9rents pour un peu d\u2019aide sur TOUTES les chauffes notamment pour les ateliers de confection du pain et\u00a0le planning de pr\u00e9sence sur les diff\u00e9rentes dates programm\u00e9es<\/strong><\/em><br><strong>Infos :<\/strong><br>Votre Site Blog du Four \u00e0 Pain SLCP ici :<br>\u00a0 \u00a0 \u00a0 \u00a0\u2022 <strong>\u00a0<a href=\"http:\/\/www.salutlesco-pains.org\/newsite\/\">http:\/\/www.salutlesco-pains.org\/newsite\/<\/a><\/strong><br>_________________<br><em>\u2022 Vous recevez ce mail parce que vous \u00eates adh\u00e9rent ( ou ex-adh\u00e9rent ) ou intervenant sur la ville de Montreuil<br>\u2022 Vous pouvez n\u00e9anmoins demander \u00e0 vous d\u00e9sinscrire de cette lettre d&rsquo;information\u00a0(10 par an) de Salut les Co-Pains par retour de mail (\u00a0contact@salutlesco-pains.org\u00a0)<br>\u2022 Les Chauffes des 4eme dimanches de chaque mois ne sont jamais annul\u00e9es qu&rsquo;il pleuve, vente, gr\u00eale, neige ou fasse beau &#8230;<br>\u2022 <strong>L&rsquo;adh\u00e9sion annuelle est de 10\u20ac par famill<\/strong><\/em><strong><em>e<\/em><\/strong><\/p>\n\n\n\n<p><\/p>\n","protected":false},"excerpt":{"rendered":"<p>Bonjour \u00e0 toutes et tous, Chauffe du\u00a0Four \u00e0 Pain\u00a0\u00a0\u00ab\u00a0Salut les Co-Pains\u00a0\u00bbDimanche 23 novembre 2025 Ateliers des p\u00e2tes \u00e0 Pain &#8211; Chauffe &#8211; Pizza Party &#8211; Cuisson des Pains \u00a0Four \u00e0 Pain de\u00a0Montreuil-sous-Bois\u00a0 R\u00e8gles de vie:&#8211; On se respecte les uns &hellip; <a href=\"https:\/\/www.salutlesco-pains.org\/newsite\/8531-2\/\">Continuer la lecture <span class=\"meta-nav\">&rarr;<\/span><\/a><\/p>\n","protected":false},"author":10,"featured_media":0,"comment_status":"open","ping_status":"open","sticky":false,"template":"","format":"standard","meta":{"ngg_post_thumbnail":0,"_price":"","_stock":"","_tribe_ticket_header":"","_tribe_default_ticket_provider":"","_tribe_ticket_capacity":"0","_ticket_start_date":"","_ticket_end_date":"","_tribe_ticket_show_description":"","_tribe_ticket_show_not_going":false,"_tribe_ticket_use_global_stock":"","_tribe_ticket_global_stock_level":"","_global_stock_mode":"","_global_stock_cap":"","_tribe_rsvp_for_event":"","_tribe_ticket_going_count":"","_tribe_ticket_not_going_count":"","_tribe_tickets_list":"[]","_tribe_ticket_has_attendee_info_fields":false,"jetpack_post_was_ever_published":false,"_jetpack_newsletter_access":"","_jetpack_dont_email_post_to_subs":false,"_jetpack_newsletter_tier_id":0,"_jetpack_memberships_contains_paywalled_content":false,"_jetpack_memberships_contains_paid_content":false,"footnotes":"","jetpack_publicize_message":"","jetpack_publicize_feature_enabled":true,"jetpack_social_post_already_shared":true,"jetpack_social_options":{"image_generator_settings":{"template":"highway","default_image_id":0,"font":"","enabled":false},"version":2}},"categories":[1],"tags":[],"class_list":["post-8531","post","type-post","status-publish","format-standard","hentry","category-non-classe"],"jetpack_publicize_connections":[],"jetpack_featured_media_url":"","jetpack_sharing_enabled":true,"jetpack_shortlink":"https:\/\/wp.me\/p58z56-2dB","jetpack_likes_enabled":true,"_links":{"self":[{"href":"https:\/\/www.salutlesco-pains.org\/newsite\/wp-json\/wp\/v2\/posts\/8531","targetHints":{"allow":["GET"]}}],"collection":[{"href":"https:\/\/www.salutlesco-pains.org\/newsite\/wp-json\/wp\/v2\/posts"}],"about":[{"href":"https:\/\/www.salutlesco-pains.org\/newsite\/wp-json\/wp\/v2\/types\/post"}],"author":[{"embeddable":true,"href":"https:\/\/www.salutlesco-pains.org\/newsite\/wp-json\/wp\/v2\/users\/10"}],"replies":[{"embeddable":true,"href":"https:\/\/www.salutlesco-pains.org\/newsite\/wp-json\/wp\/v2\/comments?post=8531"}],"version-history":[{"count":1,"href":"https:\/\/www.salutlesco-pains.org\/newsite\/wp-json\/wp\/v2\/posts\/8531\/revisions"}],"predecessor-version":[{"id":8532,"href":"https:\/\/www.salutlesco-pains.org\/newsite\/wp-json\/wp\/v2\/posts\/8531\/revisions\/8532"}],"wp:attachment":[{"href":"https:\/\/www.salutlesco-pains.org\/newsite\/wp-json\/wp\/v2\/media?parent=8531"}],"wp:term":[{"taxonomy":"category","embeddable":true,"href":"https:\/\/www.salutlesco-pains.org\/newsite\/wp-json\/wp\/v2\/categories?post=8531"},{"taxonomy":"post_tag","embeddable":true,"href":"https:\/\/www.salutlesco-pains.org\/newsite\/wp-json\/wp\/v2\/tags?post=8531"}],"curies":[{"name":"wp","href":"https:\/\/api.w.org\/{rel}","templated":true}]}}